{"id":340,"date":"2023-04-03T11:23:08","date_gmt":"2023-04-03T11:23:08","guid":{"rendered":"https:\/\/wptf.themepul.co\/ecofine\/?p=340"},"modified":"2024-06-18T17:01:59","modified_gmt":"2024-06-18T15:01:59","slug":"baumschulen-oberdorla-gmbh-gefragter-partner-auch-fuer-die-forstwirtschaft","status":"publish","type":"post","link":"https:\/\/www.vogteier-vogelkirsche.de\/hu\/baumschulen-oberdorla-gmbh-gefragter-partner-auch-fuer-die-forstwirtschaft\/","title":{"rendered":"Baumschulen Oberdorla GmbH &#8211; gefragter Partner auch f\u00fcr die Forstwirtschaft"},"content":{"rendered":"<p><span data-mce-mark=\"1\">Die Fachagentur Nachwachsende Rohstoffe f\u00f6rdert mit Mitteln des Waldklimafonds u.a. Projekte, die sich mit der Aufkl\u00e4rung und \u00dcberwindung der enormen Sch\u00e4den an der Laubbaumart Gemeine Esche (Eschentriebsterben) besch\u00e4ftigen (\u201eErhalt der Gemeinen Esche als Wirtschaftsbaumart).<\/span><\/p>\r\n<p><span data-mce-mark=\"1\">Am 04.11.2020 startete das Projekt FraxGen mit einem Online-Auftakttreffen. Im Verbund der 7 forstwissenschaftlichen Einrichtungen aus ganz Deutschland in Koordination des von Th\u00fcnen-Instituts f\u00fcr Waldgenetik ist Baumschulen Oberdorla GmbH der einzige kommerzielle Partner. Hier ist die Expertise der MitarbeiterInnen des In-vitro-Labors gefragt, die sich seit einiger Zeit in Kooperation mit dem Forstlichen Forschungs- und Kompetenzzentrum des Th\u00fcringenforst mit der Vermehrung (scheinbar) resistenter Eschenb\u00e4umen besch\u00e4ftigen. So konnten schon viele dieser B\u00e4ume zur weiteren Beobachtung in Th\u00fcringer W\u00e4ldern ausgepflanzt werden. Aktuell stehen mehrere Hundert B\u00e4ume f\u00fcr weitere Pflanzungen und Versuche auch in Sachsen zur Verf\u00fcgung.<\/span><\/p>\r\n<p><span data-mce-mark=\"1\">Dar\u00fcber hinaus werden durch die Baumschulen Oberdorla GmbH j\u00e4hrlich \u00fcber 500.000 B\u00e4ume unterschiedlicher Gr\u00f6\u00dfe, vornehmlich robuste Obstb\u00e4ume aber auch zunehmend hochwertige Forstgeh\u00f6lze f\u00fcr Pflanzungen produziert. Wachsende B\u00e4ume binden CO<sub>2<\/sub> \u2013 ein wesentlicher Beitrag zum Klimaschutz.<\/span><\/p>","protected":false},"excerpt":{"rendered":"<p>Die Fachagentur Nachwachsende Rohstoffe f\u00f6rdert mit Mitteln des Waldklimafonds u.a. Projekte, die sich mit der Aufkl\u00e4rung und \u00dcberwindung der enormen Sch\u00e4den an der Laubbaumart Gemeine Esche (Eschentriebsterben) besch\u00e4ftigen (\u201eErhalt der Gemeinen Esche als Wirtschaftsbaumart). Am 04.11.2020 startete das Projekt FraxGen mit einem Online-Auftakttreffen. Im Verbund der 7 forstwissenschaftlichen Einrichtungen aus ganz Deutschland in Koordination des [&hellip;]<\/p>\n","protected":false},"author":1,"featured_media":5886,"comment_status":"closed","ping_status":"closed","sticky":false,"template":"","format":"standard","meta":{"footnotes":""},"categories":[1,35],"tags":[],"class_list":["post-340","post","type-post","status-publish","format-standard","has-post-thumbnail","hentry","category-allgemein","category-baumschulen-oberdorla"],"_links":{"self":[{"href":"https:\/\/www.vogteier-vogelkirsche.de\/hu\/wp-json\/wp\/v2\/posts\/340","targetHints":{"allow":["GET"]}}],"collection":[{"href":"https:\/\/www.vogteier-vogelkirsche.de\/hu\/wp-json\/wp\/v2\/posts"}],"about":[{"href":"https:\/\/www.vogteier-vogelkirsche.de\/hu\/wp-json\/wp\/v2\/types\/post"}],"author":[{"embeddable":true,"href":"https:\/\/www.vogteier-vogelkirsche.de\/hu\/wp-json\/wp\/v2\/users\/1"}],"replies":[{"embeddable":true,"href":"https:\/\/www.vogteier-vogelkirsche.de\/hu\/wp-json\/wp\/v2\/comments?post=340"}],"version-history":[{"count":2,"href":"https:\/\/www.vogteier-vogelkirsche.de\/hu\/wp-json\/wp\/v2\/posts\/340\/revisions"}],"predecessor-version":[{"id":5887,"href":"https:\/\/www.vogteier-vogelkirsche.de\/hu\/wp-json\/wp\/v2\/posts\/340\/revisions\/5887"}],"wp:featuredmedia":[{"embeddable":true,"href":"https:\/\/www.vogteier-vogelkirsche.de\/hu\/wp-json\/wp\/v2\/media\/5886"}],"wp:attachment":[{"href":"https:\/\/www.vogteier-vogelkirsche.de\/hu\/wp-json\/wp\/v2\/media?parent=340"}],"wp:term":[{"taxonomy":"category","embeddable":true,"href":"https:\/\/www.vogteier-vogelkirsche.de\/hu\/wp-json\/wp\/v2\/categories?post=340"},{"taxonomy":"post_tag","embeddable":true,"href":"https:\/\/www.vogteier-vogelkirsche.de\/hu\/wp-json\/wp\/v2\/tags?post=340"}],"curies":[{"name":"wp","href":"https:\/\/api.w.org\/{rel}","templated":true}]}}